[{"@context":"https:\/\/schema.org\/","@type":"Article","@id":"https:\/\/www.cotto.cz\/chrante-svuj-zrak\/#Article","mainEntityOfPage":"https:\/\/www.cotto.cz\/chrante-svuj-zrak\/","headline":"Chra\u0148te sv\u016fj zrak","name":"Chra\u0148te sv\u016fj zrak","description":"M\u00e1te r\u00e1di l\u00e9to? B\u011bhem l\u00e9ta se p\u0159ed ostr\u00fdm slune\u010dn\u00edm svitem chr\u00e1n\u00edme n\u011bkolika zp\u016fsoby. Pob\u00fdv\u00e1me v\u00edce ve st\u00ednu, po\u017e\u00edv\u00e1me studen\u00e9 n\u00e1poje a tak\u00e9 se ma\u017eeme kr\u00e9my s ochrann\u00fdm faktorem, abychom ochr\u00e1nili svou poko\u017eku p\u0159ed po\u0161kozen\u00edm. Tak\u00e9 nos\u00edme pokr\u00fdvky hlavy, abychom se vyhnuli \u00fapalu, ale chr\u00e1nit svoje o\u010di zapom\u00edn\u00e1me. P\u0159itom o\u010di m\u00e1me jen jedny a pokud dojde &hellip; <a href=\"https:\/\/www.cotto.cz\/chrante-svuj-zrak\/\" class=\"more-link\">Continue reading <span class=\"screen-reader-text\">Chra\u0148te sv\u016fj zrak<\/span><\/a>","datePublished":"2023-08-25","dateModified":"2023-09-26","author":{"@type":"Person","@id":"https:\/\/www.cotto.cz\/author\/#Person","name":"","url":"https:\/\/www.cotto.cz\/author\/","identifier":1,"image":{"@type":"ImageObject","@id":"https:\/\/secure.gravatar.com\/avatar\/5667bceccdce92893bac6a7981a373152a8b3fa0ab99c198ba0ac0b49a934248?s=96&d=mm&r=g","url":"https:\/\/secure.gravatar.com\/avatar\/5667bceccdce92893bac6a7981a373152a8b3fa0ab99c198ba0ac0b49a934248?s=96&d=mm&r=g","height":96,"width":96}},"publisher":{"@type":"Organization","name":"cotto.cz","logo":{"@type":"ImageObject","@id":"\/logo.png","url":"\/logo.png","width":600,"height":60}},"image":{"@type":"ImageObject","@id":"https:\/\/www.cotto.cz\/wp-content\/uploads\/sunglasses-1850648_640_10_10_10_2.jpg","url":"https:\/\/www.cotto.cz\/wp-content\/uploads\/sunglasses-1850648_640_10_10_10_2.jpg","height":0,"width":0},"url":"https:\/\/www.cotto.cz\/chrante-svuj-zrak\/","about":["N\u00e1kupy"],"wordCount":449,"articleBody":"      M\u00e1te r\u00e1di l\u00e9to? B\u011bhem l\u00e9ta se p\u0159ed ostr\u00fdm slune\u010dn\u00edm svitem chr\u00e1n\u00edme n\u011bkolika zp\u016fsoby. Pob\u00fdv\u00e1me v\u00edce ve st\u00ednu, po\u017e\u00edv\u00e1me studen\u00e9 n\u00e1poje a tak\u00e9 se ma\u017eeme kr\u00e9my s ochrann\u00fdm faktorem, abychom ochr\u00e1nili svou poko\u017eku p\u0159ed po\u0161kozen\u00edm. Tak\u00e9 nos\u00edme pokr\u00fdvky hlavy, abychom se vyhnuli \u00fapalu, ale chr\u00e1nit svoje o\u010di zapom\u00edn\u00e1me. P\u0159itom o\u010di m\u00e1me jen jedny a pokud dojde k jejich po\u0161kozen\u00ed, p\u0159ijdeme o zrak \u00fapln\u011b nebo z\u010d\u00e1sti. Proto bychom nejen b\u011bhem l\u00e9ta m\u011bli db\u00e1t i na ochranu o\u010d\u00ed.D\u00e1msk\u00e9 slune\u010dn\u00ed br\u00fdle luxbryle.cz slou\u017e\u00ed jako m\u00f3dn\u00ed dopln\u011bk i jako ochrana zraku. Hork\u00e9 slune\u010dn\u00ed paprsky na n\u00e1s sv\u00edt\u00ed po cel\u00fd rok, jen v l\u00e9t\u011b jde o n\u011bco intenzivn\u011bj\u0161\u00ed z\u00e1\u0159en\u00ed. Proto bychom m\u011bli br\u00fdle nosit nejen v l\u00e9t\u011b ale i v zim\u011b. Jak\u00e9 br\u00fdle vybrat? Zejm\u00e9na \u017eeny cht\u011bj\u00ed pojmout br\u00fdle jako dopln\u011bk, kter\u00fd jim bude slu\u0161et a o\u017eiv\u00ed nebo dopln\u00ed jejich outfit. Takov\u00fdch br\u00fdl\u00ed je dnes na trhu cel\u00e1 \u0159ada. Slune\u010dn\u00ed br\u00fdle se vyb\u00edraj\u00ed zejm\u00e9na podle toho jak \u00fa\u010dinn\u00fd maj\u00ed UV filtr. Je d\u016fle\u017eit\u00e9 aby pohltily co nejv\u00edce slune\u010dn\u00edho z\u00e1\u0159en\u00ed, proto\u017ee pr\u00e1v\u011b kvalita filtru chr\u00e1n\u00ed na\u0161e o\u010di.Br\u00fdle se vyb\u00edraj\u00ed podle tvaru obli\u010deje. N\u011bkdo chce m\u00edt br\u00fdle nen\u00e1padn\u00e9, ale u slune\u010dn\u00edch br\u00fdl\u00ed se toleruje takov\u00fd tvar, kter\u00fd je v\u00fdrazn\u00fd. Slune\u010dn\u00ed br\u00fdle m\u016f\u017eete m\u00edt klidn\u011b p\u0159es p\u016fl obli\u010deje. P\u0159i v\u00fdb\u011bru br\u00fdl\u00ed dbejte na to, abyste m\u011bli br\u00fdle s co nejvy\u0161\u0161\u00edm filtrem. A\u017e teprve potom vyb\u00edrejte design. Na prvn\u00edm m\u011bst\u011b by m\u011bla b\u00fdt jejich kvalita. \u00dapln\u011b nejlep\u0161\u00ed jsou slune\u010dn\u00ed br\u00fdle s polariza\u010dn\u00edm filtrem, kter\u00fd dok\u00e1\u017ee pohltit slune\u010dn\u00ed z\u00e1\u0159en\u00ed, ani\u017e by m\u011bnil barvy. D\u00edky tomu uvid\u00edte v\u0161e v nezm\u011bn\u011bn\u00e9 podob\u011b, ale bez slune\u010dn\u00edch paprsk\u016f. Tento typ br\u00fdl\u00ed je velmi vyu\u017e\u00edvan\u00fd zejm\u00e9na \u0159idi\u010di z povol\u00e1n\u00ed, a pro svoje vlastnosti. U n\u00e1s najdete velk\u00fd v\u00fdb\u011br br\u00fdl\u00ed, a ur\u010dit\u011b zde najdete takov\u00e9, kter\u00e9 v\u00e1m ur\u010dit\u011b budou slu\u0161et. K br\u00fdl\u00edm si rozhodn\u011b nezapome\u0148te koupit i pouzdro, kter\u00e9 je ochr\u00e1n\u00ed p\u0159ed po\u0161kozen\u00edm.                                                                                                                                                                                                                                                                                                                                                                                          3.7\/5 - (9 votes)        "},{"@context":"https:\/\/schema.org\/","@type":"BreadcrumbList","itemListElement":[{"@type":"ListItem","position":1,"name":"Chra\u0148te sv\u016fj zrak","item":"https:\/\/www.cotto.cz\/chrante-svuj-zrak\/#breadcrumbitem"}]}]