[{"@context":"https:\/\/schema.org\/","@type":"Article","@id":"https:\/\/www.cotto.cz\/krasa-umelych-rostlin-bere-dech\/#Article","mainEntityOfPage":"https:\/\/www.cotto.cz\/krasa-umelych-rostlin-bere-dech\/","headline":"Kr\u00e1sa um\u011bl\u00fdch rostlin bere dech","name":"Kr\u00e1sa um\u011bl\u00fdch rostlin bere dech","description":"Tak\u00e9 se v\u00e1m a\u017e n\u011bkdy taj\u00ed dech nad mistrovstv\u00edm n\u011bkter\u00fdch v\u00fdrobc\u016f um\u011bl\u00fdch rostlin? Je\u0161t\u011b p\u0159ed t\u0159iceti lety byste podobn\u00e9 v\u00fdrobky vyu\u017eili sp\u00ed\u0161e pro pietn\u00ed \u00fa\u010dely a pokl\u00e1dali je na hrob, a z\u0159ejm\u011b byste s nimi nekr\u00e1\u0161lili sv\u016fj p\u0159\u00edbytek, ov\u0161em od t\u00e9 doby se mnoho v\u011bc\u00ed zm\u011bnilo. Um\u011bl\u00e9 pop\u00ednav\u00e9 rostliny do koupelny V panel\u00e1kov\u00fdch koupeln\u00e1ch, kde &hellip; <a href=\"https:\/\/www.cotto.cz\/krasa-umelych-rostlin-bere-dech\/\" class=\"more-link\">Continue reading <span class=\"screen-reader-text\">Kr\u00e1sa um\u011bl\u00fdch rostlin bere dech<\/span><\/a>","datePublished":"2023-07-21","dateModified":"2023-08-21","author":{"@type":"Person","@id":"https:\/\/www.cotto.cz\/author\/#Person","name":"","url":"https:\/\/www.cotto.cz\/author\/","identifier":1,"image":{"@type":"ImageObject","@id":"https:\/\/secure.gravatar.com\/avatar\/5667bceccdce92893bac6a7981a373152a8b3fa0ab99c198ba0ac0b49a934248?s=96&d=mm&r=g","url":"https:\/\/secure.gravatar.com\/avatar\/5667bceccdce92893bac6a7981a373152a8b3fa0ab99c198ba0ac0b49a934248?s=96&d=mm&r=g","height":96,"width":96}},"publisher":{"@type":"Organization","name":"cotto.cz","logo":{"@type":"ImageObject","@id":"\/logo.png","url":"\/logo.png","width":600,"height":60}},"image":{"@type":"ImageObject","@id":"https:\/\/www.cotto.cz\/wp-content\/uploads\/daffodils-6292667_640.jpg","url":"https:\/\/www.cotto.cz\/wp-content\/uploads\/daffodils-6292667_640.jpg","height":0,"width":0},"url":"https:\/\/www.cotto.cz\/krasa-umelych-rostlin-bere-dech\/","about":["N\u00e1kupy"],"wordCount":409,"articleBody":"   Tak\u00e9 se v\u00e1m a\u017e n\u011bkdy taj\u00ed dech nad mistrovstv\u00edm n\u011bkter\u00fdch v\u00fdrobc\u016f um\u011bl\u00fdch rostlin? Je\u0161t\u011b p\u0159ed t\u0159iceti lety byste podobn\u00e9 v\u00fdrobky vyu\u017eili sp\u00ed\u0161e pro pietn\u00ed \u00fa\u010dely a pokl\u00e1dali je na hrob, a z\u0159ejm\u011b byste s nimi nekr\u00e1\u0161lili sv\u016fj p\u0159\u00edbytek, ov\u0161em od t\u00e9 doby se mnoho v\u011bc\u00ed zm\u011bnilo.Um\u011bl\u00e9 pop\u00ednav\u00e9 rostliny do koupelnyV panel\u00e1kov\u00fdch koupeln\u00e1ch, kde nen\u00ed k dispozici okno, nen\u00ed mo\u017en\u00e9 m\u00edt \u017e\u00e1dnou \u017eivou pokojovou rostlinu, p\u0159itom jsou to m\u00edsta, kde se pro dekorativn\u00ed \u00fa\u010dely uplatn\u00ed t\u0159eba Ficus benjamina nebo pop\u00ednav\u00fd b\u0159e\u010d\u0165an, posazen\u00fd do rohu m\u00edstnosti. Nedostatek sv\u011btla by v\u0161ak \u017eivou rostlinu zahubil, a tak p\u0159ich\u00e1z\u00ed na \u0159adu ty um\u011bl\u00e9. Mnohdy ani nepozn\u00e1te, \u017ee jde o v\u00fdrobek z tov\u00e1rny, a n\u011bkdy se zd\u00e1 i dokonalej\u0161\u00ed, ne\u017e \u017eiv\u00fd origin\u00e1l.Um\u011bl\u00e9 narcisy na zlatou svatbuUm\u011bl\u00fd narcis je velice v\u00fdrazn\u00fd a dekorativn\u00ed. Kombinace zelen\u00e9, b\u00edl\u00e9 a \u017elut\u00e9 barvy mu dod\u00e1v\u00e1 na jemnosti a laskavosti a narcisy Lepaso se hod\u00ed i pro slavnostn\u00ed p\u0159\u00edle\u017eitosti, jako jsou svatby, promoce nebo oslavy narozenin. Mohou b\u00fdt rozm\u00edst\u011bn\u00e9 na stolech, na odkl\u00e1dac\u00edch stolc\u00edch, komod\u00e1ch \u010di na kuchy\u0148sk\u00e9 lince. Narcis, podobn\u011b jako tulip\u00e1n, je typicky jarn\u00ed rostlina a pot\u011b\u0161\u00ed mnoho milovn\u00edk\u016f tohoto ro\u010dn\u00edho obdob\u00ed, ov\u0161em nen\u00ed podm\u00ednkou, \u017ee se va\u0161e akce mus\u00ed konat mezi b\u0159eznem a \u010dervnem.Um\u011bl\u00fd buxus na terasuBuxus se ocital v z\u00e1meck\u00fdch zahrad\u00e1ch, aby je zkr\u00e1\u0161lil nap\u0159\u00edklad v podob\u011b zast\u0159ih\u00e1van\u00fdch \u017eiv\u00fdch plot\u016f a stal se i popt\u00e1vanou atraktivn\u00ed rostlinou v zahrad\u00e1ch rodinn\u00fdch dom\u016f. Ne v\u017edy se ale da\u0159\u00ed vyp\u011bstovat kr\u00e1sn\u00fd ke\u0159, buxus toti\u017e b\u00fdv\u00e1 \u010dasto napad\u00e1n \u0161k\u016fdci, proti nim\u017e se lze jen obt\u00ed\u017en\u011b br\u00e1nit.Drobn\u00e9 l\u00edstky um\u011bl\u00e9ho buxusu vytv\u00e1\u0159\u00ed mnohdy a\u017e luxusn\u00ed dojem v dan\u00e9m prost\u0159ed\u00ed a mohou nahradit \u017eiv\u00e9 ke\u0159e, a to na r\u016fzn\u00fdch m\u00edstech. Jejich dekorativnost jim umo\u017en\u00ed zaujmout m\u00edsto na balkon\u011b, u baz\u00e9nu, na plo\u0161e p\u0159ed alt\u00e1nem nebo pergolou \u010di v zahradn\u00edm z\u00e1kout\u00ed, kde je nedostatek slune\u010dn\u00edho sv\u011btla.                                                                                                                                                                                                                                                                                                                                                                                          4.2\/5 - (11 votes)        "},{"@context":"https:\/\/schema.org\/","@type":"BreadcrumbList","itemListElement":[{"@type":"ListItem","position":1,"name":"Kr\u00e1sa um\u011bl\u00fdch rostlin bere dech","item":"https:\/\/www.cotto.cz\/krasa-umelych-rostlin-bere-dech\/#breadcrumbitem"}]}]