[{"@context":"https:\/\/schema.org\/","@type":"Article","@id":"https:\/\/www.cotto.cz\/trail-je-pekna-makacka\/#Article","mainEntityOfPage":"https:\/\/www.cotto.cz\/trail-je-pekna-makacka\/","headline":"Trail je p\u011bkn\u00e1 maka\u010dka!","name":"Trail je p\u011bkn\u00e1 maka\u010dka!","description":"Kdy\u017e se \u0159ekne trail, \u010dasto si p\u0159edstav\u00edme velmi nam\u00e1hav\u00e9 a p\u0159itom zaj\u00edmav\u00e9 b\u011b\u017eeck\u00e9 stezky, kter\u00e9 vedou p\u0159\u00edrodou, mezi poli a nebo tak\u00e9 klidn\u011b hned vedle silnice. Jinak \u0159e\u010deno, trail se b\u011bh\u00e1 v\u0161ude.Pokud toto pat\u0159\u00ed i mezi va\u0161e kon\u00ed\u010dky, ur\u010dit\u011b hled\u00e1te ide\u00e1ln\u00ed oble\u010den\u00ed a hlavn\u011b v kompletn\u00ed sad\u011b pr\u00e1v\u011b pro tuto nesm\u00edrn\u011b fyzicky n\u00e1ro\u010dnou aktivitu. My &hellip; <a href=\"https:\/\/www.cotto.cz\/trail-je-pekna-makacka\/\" class=\"more-link\">Continue reading <span class=\"screen-reader-text\">Trail je p\u011bkn\u00e1 maka\u010dka!<\/span><\/a>","datePublished":"2025-01-13","dateModified":"2025-01-13","author":{"@type":"Person","@id":"https:\/\/www.cotto.cz\/author\/#Person","name":"","url":"https:\/\/www.cotto.cz\/author\/","identifier":1,"image":{"@type":"ImageObject","@id":"https:\/\/secure.gravatar.com\/avatar\/5667bceccdce92893bac6a7981a373152a8b3fa0ab99c198ba0ac0b49a934248?s=96&d=mm&r=g","url":"https:\/\/secure.gravatar.com\/avatar\/5667bceccdce92893bac6a7981a373152a8b3fa0ab99c198ba0ac0b49a934248?s=96&d=mm&r=g","height":96,"width":96}},"publisher":{"@type":"Organization","name":"cotto.cz","logo":{"@type":"ImageObject","@id":"\/logo.png","url":"\/logo.png","width":600,"height":60}},"url":"https:\/\/www.cotto.cz\/trail-je-pekna-makacka\/","wordCount":199,"articleBody":"Kdy\u017e se \u0159ekne trail, \u010dasto si p\u0159edstav\u00edme velmi nam\u00e1hav\u00e9 a p\u0159itom zaj\u00edmav\u00e9 b\u011b\u017eeck\u00e9 stezky, kter\u00e9 vedou p\u0159\u00edrodou, mezi poli a nebo tak\u00e9 klidn\u011b hned vedle silnice. Jinak \u0159e\u010deno, trail se b\u011bh\u00e1 v\u0161ude.Pokud toto pat\u0159\u00ed i mezi va\u0161e kon\u00ed\u010dky, ur\u010dit\u011b hled\u00e1te ide\u00e1ln\u00ed oble\u010den\u00ed a hlavn\u011b v kompletn\u00ed sad\u011b pr\u00e1v\u011b pro tuto nesm\u00edrn\u011b fyzicky n\u00e1ro\u010dnou aktivitu.  My zn\u00e1me renomovanou \u0161v\u00e9dskou zna\u010dku Craft! Tato zna\u010dka v\u00e1m umo\u017en\u00ed zakoupit triko, ve kter\u00e9 m\u016f\u017eete schovat nutnou energetickou z\u00e1sobu na b\u011bh. D\u00e1le budete m\u00edt prodlou\u017een\u00fd zip, kter\u00fd \u0159e\u0161\u00ed okam\u017eitou pot\u0159ebu ventilace. \u0160ortky do t\u00e9to sady zakoup\u00edte s vnit\u0159n\u00ed pevnou nohavic\u00ed, kter\u00e1 se v\u00e1m nebude vyhrnovat a ke v\u0161emu budou m\u00edt i kapsu. Do t\u00e9to sady je\u0161t\u011b pat\u0159\u00ed bunda \u0161it\u00ed ze t\u0159\u00ed vrstev, v\u010detn\u011b kapuce a velmi dobrou membr\u00e1nou s kvalitn\u00edm vodn\u00edm sloupcem a z\u00e1rove\u0148 s \u00fa\u017easnou prody\u0161nost\u00ed. V neposledn\u00ed \u0159ad\u011b lepen\u00e9 \u0161vy zajist\u00ed, \u017ee opravdu toto oble\u010den\u00ed v\u00e1m poskytne v\u0161e, co pot\u0159ebujete!                                                                                                                                                                                                                                                                                                                                                                                                "},{"@context":"https:\/\/schema.org\/","@type":"BreadcrumbList","itemListElement":[{"@type":"ListItem","position":1,"name":"Trail je p\u011bkn\u00e1 maka\u010dka!","item":"https:\/\/www.cotto.cz\/trail-je-pekna-makacka\/#breadcrumbitem"}]}]