[{"@context":"https:\/\/schema.org\/","@type":"Article","@id":"https:\/\/www.cotto.cz\/vymahani-pohledavek\/#Article","mainEntityOfPage":"https:\/\/www.cotto.cz\/vymahani-pohledavek\/","headline":"Vym\u00e1h\u00e1n\u00ed pohled\u00e1vek","name":"Vym\u00e1h\u00e1n\u00ed pohled\u00e1vek","description":"Na\u0161e spole\u010dnost se dlouhodob\u011b zab\u00fdv\u00e1 vym\u00e1h\u00e1n\u00ed pohled\u00e1vek. Po\u017eadavky na tuto \u010dinnost p\u0159ij\u00edm\u00e1me v cel\u00e9 \u010cesk\u00e9 republice a \u0159ad\u00edme se tak mezi nejv\u011bt\u0161\u00ed inkasn\u00ed spole\u010dnosti. Na na\u0161ich internetov\u00fdch str\u00e1nk\u00e1ch najdete mimo jin\u00e9 tak\u00e9 odpov\u011bdi na nej\u010dast\u011bj\u0161\u00ed ot\u00e1zky. Mezi tyto ot\u00e1zky pat\u0159\u00ed &#8211; jak\u00fd je rozd\u00edl mezi vym\u00e1h\u00e1n\u00edm pohled\u00e1vek soudn\u00ed a mimosoudn\u00ed cestou, jakou m\u00e1te \u00fasp\u011b\u0161nost p\u0159i &hellip; <a href=\"https:\/\/www.cotto.cz\/vymahani-pohledavek\/\" class=\"more-link\">Continue reading <span class=\"screen-reader-text\">Vym\u00e1h\u00e1n\u00ed pohled\u00e1vek<\/span><\/a>","datePublished":"2025-04-29","dateModified":"2025-04-29","author":{"@type":"Person","@id":"https:\/\/www.cotto.cz\/author\/#Person","name":"","url":"https:\/\/www.cotto.cz\/author\/","identifier":1,"image":{"@type":"ImageObject","@id":"https:\/\/secure.gravatar.com\/avatar\/5667bceccdce92893bac6a7981a373152a8b3fa0ab99c198ba0ac0b49a934248?s=96&d=mm&r=g","url":"https:\/\/secure.gravatar.com\/avatar\/5667bceccdce92893bac6a7981a373152a8b3fa0ab99c198ba0ac0b49a934248?s=96&d=mm&r=g","height":96,"width":96}},"publisher":{"@type":"Organization","name":"cotto.cz","logo":{"@type":"ImageObject","@id":"\/logo.png","url":"\/logo.png","width":600,"height":60}},"url":"https:\/\/www.cotto.cz\/vymahani-pohledavek\/","wordCount":164,"articleBody":"Na\u0161e spole\u010dnost se dlouhodob\u011b zab\u00fdv\u00e1 vym\u00e1h\u00e1n\u00ed pohled\u00e1vek. Po\u017eadavky na tuto \u010dinnost p\u0159ij\u00edm\u00e1me v cel\u00e9 \u010cesk\u00e9 republice a \u0159ad\u00edme se tak mezi nejv\u011bt\u0161\u00ed inkasn\u00ed spole\u010dnosti.Na na\u0161ich internetov\u00fdch str\u00e1nk\u00e1ch najdete mimo jin\u00e9 tak\u00e9 odpov\u011bdi na nej\u010dast\u011bj\u0161\u00ed ot\u00e1zky. Mezi tyto ot\u00e1zky pat\u0159\u00ed &#8211; jak\u00fd je rozd\u00edl mezi vym\u00e1h\u00e1n\u00edm pohled\u00e1vek soudn\u00ed a mimosoudn\u00ed cestou, jakou m\u00e1te \u00fasp\u011b\u0161nost p\u0159i vym\u00e1h\u00e1n\u00ed pohled\u00e1vek, m\u016f\u017eete nav\u00fd\u0161it dlu\u017enou \u010d\u00e1stku o va\u0161i odm\u011bnu a do jak\u00e9 doby jste schopni pohled\u00e1vku vy\u0159e\u0161it.Ot\u00e1zkyPokud m\u00e1te je\u0161t\u011b jin\u00e9 dotazy, ne\u017e jsou tyto v\u00fd\u0161e jmenovan\u00e9, nev\u00e1hejte a kontaktujte na\u0161i spole\u010dnost a my v\u00e1m velice r\u00e1di co nejd\u0159\u00edve zodpov\u00edme ve\u0161ker\u00e9 va\u0161e dotazy, kter\u00e9 se t\u00fdkaj\u00ed vym\u00e1h\u00e1n\u00ed pohled\u00e1vek a na\u0161\u00ed \u010dinnosti.                                                                                                                                                                                                                                                                                                                                                                                                "},{"@context":"https:\/\/schema.org\/","@type":"BreadcrumbList","itemListElement":[{"@type":"ListItem","position":1,"name":"Vym\u00e1h\u00e1n\u00ed pohled\u00e1vek","item":"https:\/\/www.cotto.cz\/vymahani-pohledavek\/#breadcrumbitem"}]}]